{"id":4849,"date":"2026-08-24T10:03:55","date_gmt":"2026-08-24T10:03:55","guid":{"rendered":"https:\/\/ilcoworking.es\/?p=4849"},"modified":"2026-08-12T12:13:15","modified_gmt":"2026-08-12T12:13:15","slug":"aulas-masterclasses-madrid","status":"publish","type":"post","link":"https:\/\/ilcoworking.es\/en\/aulas-masterclasses-madrid\/","title":{"rendered":"Masterclass classroom in Madrid: space, production and attendee experience"},"content":{"rendered":"<p><span style=\"font-weight: 400;\">Una masterclass no es un curso. Tampoco es una conferencia ni un taller. Es un formato con identidad propia que combina contenido de alta densidad, acceso a un experto con trayectoria real, y una experiencia presencial que los participantes perciben como algo diferente a la formaci\u00f3n convencional. Por eso pagan m\u00e1s por ella, y por eso el espacio donde se celebra importa de una forma que en otros formatos formativos no importa tanto.<\/span><\/p>\n<p>&nbsp;<\/p>\n<p><span style=\"font-weight: 400;\">La pregunta que muchos formadores y profesionales se hacen al organizar su primera masterclass presencial es la misma: \u00bfd\u00f3nde la hago? La respuesta no es solo una direcci\u00f3n. Es una decisi\u00f3n que afecta directamente al precio que puedes cobrar, a la percepci\u00f3n de valor de los asistentes, y a si el evento cumple o no las expectativas que has generado.<\/span><\/p>\n<h2><span style=\"font-weight: 400;\">Por qu\u00e9 el espacio es parte del producto en una masterclass<\/span><\/h2>\n<p><span style=\"font-weight: 400;\">En una masterclass de pago, los asistentes no compran solo informaci\u00f3n. Compran una experiencia. El hecho de estar f\u00edsicamente en el mismo espacio que el experto, poder hacer preguntas en tiempo real, y compartir ese momento con otras personas que tienen intereses similares forma parte de lo que justifica el precio del billete.<\/span><\/p>\n<p>&nbsp;<\/p>\n<p><span style=\"font-weight: 400;\">Cuando ese espacio no est\u00e1 a la altura del precio cobrado, hay una disonancia que los asistentes perciben aunque no siempre articulen de forma expl\u00edcita. Una masterclass de 300 euros celebrada en una sala de reuniones de empresa con sillas inc\u00f3modas y un proyector que falla genera una experiencia que contradice el valor prometido. Por el contrario, un espacio bien elegido refuerza la percepci\u00f3n de que lo que se est\u00e1 recibiendo merece lo que se ha pagado.<\/span><\/p>\n<p>&nbsp;<\/p>\n<p><span style=\"font-weight: 400;\">Este es uno de los argumentos m\u00e1s s\u00f3lidos para invertir en un espacio profesional cuando organizas una masterclass, especialmente si es la primera de un formato nuevo o si est\u00e1s construyendo una reputaci\u00f3n en tu \u00e1rea de especializaci\u00f3n.<\/span><\/p>\n<h2><span style=\"font-weight: 400;\">Qu\u00e9 diferencia a una sala apta para masterclass de una sala de reuniones convencional<\/span><\/h2>\n<p><span style=\"font-weight: 400;\">La mayor\u00eda de salas de reuniones est\u00e1n dise\u00f1adas para encuentros entre personas que ya se conocen y trabajan juntas. La configuraci\u00f3n en mesa larga u ovalada, el equipamiento b\u00e1sico de proyecci\u00f3n, y el tama\u00f1o limitado responden a esas necesidades. Pero una masterclass presencial tiene requerimientos diferentes.<\/span><\/p>\n<p>&nbsp;<\/p>\n<p><span style=\"font-weight: 400;\">La visibilidad es el primer factor. Todos los asistentes deben poder ver claramente al ponente y los materiales que proyecta, sin que nadie quede en \u00e1ngulo muerto o demasiado lejos de la pantalla. Para grupos de entre 15 y 40 personas, esto requiere una configuraci\u00f3n en la que el ponente est\u00e9 claramente elevado o diferenciado del espacio de los asistentes, con pantalla o proyecci\u00f3n de tama\u00f1o suficiente.<\/span><\/p>\n<p>&nbsp;<\/p>\n<p><span style=\"font-weight: 400;\">La ac\u00fastica determina si los asistentes pueden escuchar sin esfuerzo durante horas. Una sala con eco, con filtraci\u00f3n de ruido exterior, o sin sistema de audio adecuado genera fatiga auditiva que se acumula a lo largo de la sesi\u00f3n y reduce la calidad percibida del evento. En <\/span><a href=\"https:\/\/ilcoworking.es\/aulas-blancas-equipadas-madrid\/\"><span style=\"font-weight: 400;\">espacios dise\u00f1ados para formaci\u00f3n<\/span><\/a><span style=\"font-weight: 400;\">, el tratamiento ac\u00fastico es parte del dise\u00f1o, no un extra.<\/span><\/p>\n<p>&nbsp;<\/p>\n<p><span style=\"font-weight: 400;\">La configuraci\u00f3n del asiento influye en la atenci\u00f3n. Sillas sin respaldo, o demasiado juntas, generan incomodidad f\u00edsica que despu\u00e9s de dos horas compite con la atenci\u00f3n al contenido. Los asistentes que est\u00e1n inc\u00f3modos empiezan a mirar el reloj antes que los que est\u00e1n bien sentados.<\/span><\/p>\n<p>&nbsp;<\/p>\n<p><span style=\"font-weight: 400;\">El ambiente general comunica algo antes de que el ponente diga una sola palabra. Temperatura correcta, iluminaci\u00f3n apropiada, espacio limpio y ordenado, y ausencia de elementos que distraigan. Todo eso construye o destruye el estado mental receptivo que necesitas en los asistentes desde el primer momento.<\/span><\/p>\n<h2><span style=\"font-weight: 400;\">La producci\u00f3n visual: por qu\u00e9 algunas masterclasses parecen m\u00e1s profesionales<\/span><\/h2>\n<p><span style=\"font-weight: 400;\">Cuando los asistentes comparten en redes sociales que han asistido a tu masterclass, las fotos que publican son publicidad gratuita de tu marca personal. El fondo que aparece detr\u00e1s del ponente, la calidad de la imagen, y la sensaci\u00f3n general del espacio en esas fotos comunican el nivel de tu propuesta a quienes todav\u00eda no han asistido.<\/span><\/p>\n<p>&nbsp;<\/p>\n<p><span style=\"font-weight: 400;\">Un espacio con un fondo visual apropiado, con iluminaci\u00f3n que favorece la imagen del ponente, y con un entorno que transmite profesionalidad produce fotos que refuerzan la percepci\u00f3n de valor. Un espacio improvisado produce fotos que generan dudas.<\/span><\/p>\n<p>&nbsp;<\/p>\n<p><span style=\"font-weight: 400;\">Este aspecto tiene especial relevancia si grabas la masterclass para venderla posteriormente como contenido as\u00edncrono o para compartir fragmentos como muestra de tu trabajo. La calidad visual del espacio en la grabaci\u00f3n es parte de la calidad percibida del producto que est\u00e1s vendiendo.<\/span><\/p>\n<p>&nbsp;<\/p>\n<p><span style=\"font-weight: 400;\">Las <\/span><a href=\"https:\/\/ilcoworking.es\/aulas-webinars-madrid-equipamiento-tecnico\/\"><span style=\"font-weight: 400;\">aulas con equipamiento t\u00e9cnico apropiado<\/span><\/a><span style=\"font-weight: 400;\"> facilitan tanto la grabaci\u00f3n durante el evento como la producci\u00f3n de fragmentos de v\u00eddeo para uso posterior. Esto multiplica el valor de la inversi\u00f3n en espacio porque el contenido sigue funcionando mucho despu\u00e9s del d\u00eda del evento.<\/span><\/p>\n<h2><span style=\"font-weight: 400;\">El recorrido del asistente desde que llega hasta que se va<\/span><\/h2>\n<p><span style=\"font-weight: 400;\">La experiencia de los asistentes en una masterclass no empieza cuando el ponente abre la boca. Empieza en el momento en que llegan al edificio.<\/span><\/p>\n<p>&nbsp;<\/p>\n<p><span style=\"font-weight: 400;\">La facilidad para encontrar el espacio, la acogida que reciben al llegar, y los primeros minutos antes de que comience la sesi\u00f3n configuran una primera impresi\u00f3n que colorea todo lo que viene despu\u00e9s. Una llegada confusa, sin se\u00f1alizaci\u00f3n clara y sin nadie que reciba a los asistentes, genera una tensi\u00f3n inicial que cuesta varios minutos de contenido disipar.<\/span><\/p>\n<p>&nbsp;<\/p>\n<p><span style=\"font-weight: 400;\">La ubicaci\u00f3n en una zona accesible y reconocida facilita que los asistentes lleguen con margen de tiempo y sin el estr\u00e9s del desplazamiento complicado. Una <\/span><a href=\"https:\/\/ilcoworking.es\/coworking-chamberi-madrid-2026\/\"><span style=\"font-weight: 400;\">ubicaci\u00f3n como Chamber\u00ed<\/span><\/a><span style=\"font-weight: 400;\">, con transporte p\u00fablico eficiente y referencias claras, reduce las llegadas tarde y el nerviosismo de quien no conoce la zona.<\/span><\/p>\n<p>&nbsp;<\/p>\n<p><span style=\"font-weight: 400;\">Los momentos de pausa son tambi\u00e9n parte de la experiencia. D\u00f3nde se sirve el caf\u00e9, si hay espacio para que los asistentes conversen entre ellos durante los descansos, y si el entorno general invita a quedarse y relacionarse o a marcharse en cuanto termina la sesi\u00f3n formal. Muchos asistentes valoran tanto lo que pasa en los descansos como el contenido del ponente, porque es donde se produce el networking real.<\/span><\/p>\n<p>&nbsp;<\/p>\n<p><span style=\"font-weight: 400;\">El cierre del evento, los \u00faltimos minutos y la salida, tambi\u00e9n cuentan. Un espacio que permite al ponente estar accesible para preguntas individuales despu\u00e9s de la sesi\u00f3n formal, sin que el grupo tenga que dispersarse inmediatamente, facilita esas conversaciones de valor que a menudo son el momento de mayor impacto para los asistentes.<\/span><\/p>\n<h2><span style=\"font-weight: 400;\">Tama\u00f1o ideal y configuraci\u00f3n para masterclasses<\/span><\/h2>\n<p><span style=\"font-weight: 400;\">El tama\u00f1o \u00f3ptimo de una masterclass presencial depende del modelo de negocio y de la propuesta de valor del ponente, pero hay algunas consideraciones generales que aplican a la mayor\u00eda de formatos.<\/span><\/p>\n<p>&nbsp;<\/p>\n<p><span style=\"font-weight: 400;\">Grupos demasiado peque\u00f1os (menos de diez personas) pueden perder la energ\u00eda colectiva que es parte del valor de la experiencia presencial. Grupos demasiado grandes (m\u00e1s de cincuenta personas) dificultan la interacci\u00f3n y la sensaci\u00f3n de acceso cercano al experto que diferencia a la masterclass de una conferencia.<\/span><\/p>\n<p>&nbsp;<\/p>\n<p><span style=\"font-weight: 400;\">El rango de entre 20 y 35 personas suele ser el punto donde la energ\u00eda de grupo funciona, la interacci\u00f3n es posible, y el espacio puede configurarse para que todos tengan buena visibilidad y escucha. Para <\/span><a href=\"https:\/\/ilcoworking.es\/alquiler-aulas-madrid\/\"><span style=\"font-weight: 400;\">aulas de alquiler en Madrid<\/span><\/a><span style=\"font-weight: 400;\"> orientadas a este tipo de eventos, este es el rango de aforo m\u00e1s frecuente.<\/span><\/p>\n<p>&nbsp;<\/p>\n<p><span style=\"font-weight: 400;\">La configuraci\u00f3n en teatro (sillas en filas orientadas al ponente) maximiza el aforo pero reduce la interactividad. La configuraci\u00f3n en U o semic\u00edrculo facilita la participaci\u00f3n pero requiere m\u00e1s espacio por persona. Para masterclasses donde la interacci\u00f3n con el ponente es parte del valor, la segunda opci\u00f3n suele producir mejores resultados aunque acomode menos personas.<\/span><\/p>\n<h2><span style=\"font-weight: 400;\">C\u00f3mo calcular si el coste del espacio encaja con el modelo<\/span><\/h2>\n<p><span style=\"font-weight: 400;\">El coste del espacio para una masterclass debe analizarse como porcentaje del ingreso total del evento, no como cifra aislada.<\/span><\/p>\n<p>&nbsp;<\/p>\n<p><span style=\"font-weight: 400;\">Si una masterclass de cuatro horas para 25 personas a 150 euros por asistente genera 3.750 euros de ingreso bruto, el coste de un aula profesional durante esas cuatro horas m\u00e1s preparaci\u00f3n y recogida representa un porcentaje que en la mayor\u00eda de casos est\u00e1 por debajo del 15% del ingreso. Esa es una estructura de costes perfectamente asumible para un formato que se dise\u00f1a para producir margen.<\/span><\/p>\n<p>&nbsp;<\/p>\n<p><span style=\"font-weight: 400;\">El error m\u00e1s frecuente es evaluar el coste del espacio como un absoluto sin relacionarlo con el ingreso que genera. Un aula m\u00e1s barata pero en peor ubicaci\u00f3n o con peor equipamiento puede reducir la tasa de conversi\u00f3n de inscripciones, obligar a cobrar menos precio, o generar una experiencia que afecta a la reputaci\u00f3n del evento para ediciones futuras. El coste real de la decisi\u00f3n incluye todos esos factores.<\/span><\/p>\n<h2><span style=\"font-weight: 400;\">Preguntas frecuentes sobre espacios para masterclasses<\/span><\/h2>\n<p><b>\u00bfPuedo grabar la masterclass en el espacio?<\/b><span style=\"font-weight: 400;\"> En la mayor\u00eda de espacios de alquiler la grabaci\u00f3n est\u00e1 permitida para uso propio. Verifica las condiciones antes de reservar, especialmente si vas a publicar el contenido comercialmente.<\/span><\/p>\n<p>&nbsp;<\/p>\n<p><b>\u00bfQu\u00e9 antelaci\u00f3n necesito para reservar?<\/b><span style=\"font-weight: 400;\"> Para eventos con fecha fija y n\u00famero de asistentes considerable, reservar con dos o tres semanas de antelaci\u00f3n m\u00ednima asegura disponibilidad. En fechas de alta demanda, especialmente jueves y viernes, conviene reservar antes.<\/span><\/p>\n<p>&nbsp;<\/p>\n<p><b>\u00bfPuedo acceder al espacio antes del horario de inicio para preparar?<\/b><span style=\"font-weight: 400;\"> La mayor\u00eda de espacios permiten acceso con antelaci\u00f3n para montaje, habitualmente 30-60 minutos antes del inicio de la sesi\u00f3n. Confirma este punto al reservar porque el tiempo de preparaci\u00f3n afecta al coste total si se cobra por hora real de uso.<\/span><\/p>\n<p>&nbsp;<\/p>\n<p><b>\u00bfQu\u00e9 hago si necesito cancelar?<\/b><span style=\"font-weight: 400;\"> Las pol\u00edticas de cancelaci\u00f3n var\u00edan entre espacios. Lo habitual es cancelaci\u00f3n gratuita con 48-72 horas de antelaci\u00f3n y penalizaci\u00f3n proporcional para cancelaciones m\u00e1s tard\u00edas. Conocer estas condiciones antes de comprometerte evita sorpresas.<\/span><\/p>\n<p>&nbsp;<\/p>\n<p><span style=\"font-weight: 400;\">Para informaci\u00f3n sobre disponibilidad y condiciones de alquiler de aulas para masterclasses, el contacto con ILCOWORKING es <\/span><a href=\"mailto:info@ilcoworking.es\"><span style=\"font-weight: 400;\">info@ilcoworking.es<\/span><\/a><span style=\"font-weight: 400;\">, el 91 117 94 82, o el 900 264 918. El espacio est\u00e1 ubicado en Glorieta de Bilbao n\u00ba 1, 3\u00ba derecha, Madrid, a un minuto del metro Bilbao.<\/span><\/p>\n<p>&nbsp;<\/p>\n<p><script type=\"application\/ld+json\">\n{\n  \"@context\": \"https:\/\/schema.org\",\n  \"@type\": \"FAQPage\",\n  \"mainEntity\": [\n    {\n      \"@type\": \"Question\",\n      \"name\": \"\u00bfPor qu\u00e9 el espacio donde se celebra una masterclass forma parte del producto?\",\n      \"acceptedAnswer\": {\n        \"@type\": \"Answer\",\n        \"text\": \"En una masterclass de pago los asistentes no compran solo informaci\u00f3n, compran una experiencia. El espacio, la ac\u00fastica, la visibilidad, y el entorno general comunican el nivel de la propuesta antes de que el ponente diga una sola palabra. Un espacio que no est\u00e1 a la altura del precio cobrado genera una disonancia que los asistentes perciben aunque no siempre articulen.\"\n      }\n    },\n    {\n      \"@type\": \"Question\",\n      \"name\": \"\u00bfCu\u00e1l es el tama\u00f1o ideal para una masterclass presencial?\",\n      \"acceptedAnswer\": {\n        \"@type\": \"Answer\",\n        \"text\": \"El rango de entre 20 y 35 personas suele ser el punto donde la energ\u00eda de grupo funciona, la interacci\u00f3n es posible, y todos tienen buena visibilidad y escucha. Grupos de menos de diez pueden perder la energ\u00eda colectiva. Grupos de m\u00e1s de cincuenta dificultan la interacci\u00f3n cercana con el experto que diferencia a la masterclass de una conferencia.\"\n      }\n    },\n    {\n      \"@type\": \"Question\",\n      \"name\": \"\u00bfQu\u00e9 configuraci\u00f3n de sala funciona mejor para una masterclass?\",\n      \"acceptedAnswer\": {\n        \"@type\": \"Answer\",\n        \"text\": \"La configuraci\u00f3n en U o semic\u00edrculo facilita la participaci\u00f3n de todos los asistentes y es preferida para masterclasses donde la interacci\u00f3n con el ponente forma parte del valor. La configuraci\u00f3n en teatro maximiza el aforo pero reduce la interactividad. Para masterclasses donde la participaci\u00f3n importa, la primera opci\u00f3n produce mejores resultados aunque acomode menos personas.\"\n      }\n    },\n    {\n      \"@type\": \"Question\",\n      \"name\": \"\u00bfPuedo grabar la masterclass en el espacio para venderla despu\u00e9s?\",\n      \"acceptedAnswer\": {\n        \"@type\": \"Answer\",\n        \"text\": \"En la mayor\u00eda de espacios de alquiler la grabaci\u00f3n est\u00e1 permitida para uso propio y comercial, pero conviene verificar las condiciones antes de reservar. Un espacio con buena calidad visual y ac\u00fastica hace que la grabaci\u00f3n tenga valor comercial real que se puede vender como contenido as\u00edncrono.\"\n      }\n    },\n    {\n      \"@type\": \"Question\",\n      \"name\": \"\u00bfC\u00f3mo calcular si el coste del espacio encaja con el modelo de negocio de la masterclass?\",\n      \"acceptedAnswer\": {\n        \"@type\": \"Answer\",\n        \"text\": \"El coste del espacio debe analizarse como porcentaje del ingreso total del evento. Por ejemplo, si una masterclass de cuatro horas para 25 personas a 150 euros genera 3.750 euros de ingreso bruto, el coste del aula suele representar menos del 15% de ese ingreso. El error frecuente es evaluar el coste como cifra absoluta sin relacionarlo con el ingreso que genera.\"\n      }\n    },\n    {\n      \"@type\": \"Question\",\n      \"name\": \"\u00bfCon cu\u00e1nta antelaci\u00f3n debo reservar el espacio para una masterclass?\",\n      \"acceptedAnswer\": {\n        \"@type\": \"Answer\",\n        \"text\": \"Para eventos con fecha fija y n\u00famero de asistentes considerable, reservar con dos o tres semanas de antelaci\u00f3n m\u00ednima asegura disponibilidad. En fechas de alta demanda, especialmente jueves y viernes, conviene reservar antes. Confirmar el acceso anticipado para preparaci\u00f3n tambi\u00e9n debe negociarse al reservar.\"\n      }\n    }\n  ]\n}\n<\/script><\/p>\n","protected":false},"excerpt":{"rendered":"<p>A masterclass is not a course. Nor is it a lecture or a workshop. It&#039;s a format with its own identity, combining high-density content, access to an expert with real-world experience, and a face-to-face experience that participants perceive as something different from conventional training. That&#039;s why they pay.<\/p>","protected":false},"author":5,"featured_media":4791,"comment_status":"closed","ping_status":"closed","sticky":false,"template":"","format":"standard","meta":{"_joinchat":[],"footnotes":""},"categories":[54],"tags":[],"class_list":["post-4849","post","type-post","status-publish","format-standard","has-post-thumbnail","hentry","category-aulas-madrid"],"yoast_head":"<!-- This site is optimized with the Yoast SEO plugin v28.4 - https:\/\/yoast.com\/product\/yoast-seo-wordpress\/ -->\n<title>Aulas para Masterclasses en Madrid: Espacio y Producci\u00f3n<\/title>\n<meta name=\"description\" content=\"El espacio donde celebras tu masterclass forma parte del producto. Gu\u00eda para elegir el aula correcta en Madrid y maximizar la percepci\u00f3n de valor de los asistentes.\" \/>\n<meta name=\"robots\" content=\"index, follow, max-snippet:-1, max-image-preview:large, max-video-preview:-1\" \/>\n<link rel=\"canonical\" href=\"https:\/\/ilcoworking.es\/en\/aulas-masterclasses-madrid\/\" \/>\n<meta property=\"og:locale\" content=\"en_GB\" \/>\n<meta property=\"og:type\" content=\"article\" \/>\n<meta property=\"og:title\" content=\"Aulas para Masterclasses en Madrid: Espacio y Producci\u00f3n\" \/>\n<meta property=\"og:description\" content=\"El espacio donde celebras tu masterclass forma parte del producto. Gu\u00eda para elegir el aula correcta en Madrid y maximizar la percepci\u00f3n de valor de los asistentes.\" \/>\n<meta property=\"og:url\" content=\"https:\/\/ilcoworking.es\/en\/aulas-masterclasses-madrid\/\" \/>\n<meta property=\"og:site_name\" content=\"ILCOWORKING &amp; SERVICIOS LEGALES\" \/>\n<meta property=\"article:published_time\" content=\"2026-08-24T10:03:55+00:00\" \/>\n<meta property=\"og:image\" content=\"https:\/\/ilcoworking.es\/wp-content\/uploads\/2026\/05\/ILCoworking_24-02-28_13-23-19.jpg\" \/>\n\t<meta property=\"og:image:width\" content=\"2560\" \/>\n\t<meta property=\"og:image:height\" content=\"1707\" \/>\n\t<meta property=\"og:image:type\" content=\"image\/jpeg\" \/>\n<meta name=\"author\" content=\"il coworking\" \/>\n<meta name=\"twitter:card\" content=\"summary_large_image\" \/>\n<meta name=\"twitter:label1\" content=\"Written by\" \/>\n\t<meta name=\"twitter:data1\" content=\"il coworking\" \/>\n\t<meta name=\"twitter:label2\" content=\"Estimated reading time\" \/>\n\t<meta name=\"twitter:data2\" content=\"8 minutes\" \/>\n<script type=\"application\/ld+json\" class=\"yoast-schema-graph\">{\"@context\":\"https:\\\/\\\/schema.org\",\"@graph\":[{\"@type\":\"Article\",\"@id\":\"https:\\\/\\\/ilcoworking.es\\\/aulas-masterclasses-madrid\\\/#article\",\"isPartOf\":{\"@id\":\"https:\\\/\\\/ilcoworking.es\\\/aulas-masterclasses-madrid\\\/\"},\"author\":{\"name\":\"il coworking\",\"@id\":\"https:\\\/\\\/ilcoworking.es\\\/#\\\/schema\\\/person\\\/56c0544af161f287857c558f41b5585e\"},\"headline\":\"Aula para masterclass en Madrid: espacio, producci\u00f3n y experiencia del asistente\",\"datePublished\":\"2026-08-24T10:03:55+00:00\",\"mainEntityOfPage\":{\"@id\":\"https:\\\/\\\/ilcoworking.es\\\/aulas-masterclasses-madrid\\\/\"},\"wordCount\":1768,\"publisher\":{\"@id\":\"https:\\\/\\\/ilcoworking.es\\\/#organization\"},\"image\":{\"@id\":\"https:\\\/\\\/ilcoworking.es\\\/aulas-masterclasses-madrid\\\/#primaryimage\"},\"thumbnailUrl\":\"https:\\\/\\\/ilcoworking.es\\\/wp-content\\\/uploads\\\/2026\\\/05\\\/ILCoworking_24-02-28_13-23-19.jpg\",\"articleSection\":[\"Aulas Madrid\"],\"inLanguage\":\"en-GB\"},{\"@type\":\"WebPage\",\"@id\":\"https:\\\/\\\/ilcoworking.es\\\/aulas-masterclasses-madrid\\\/\",\"url\":\"https:\\\/\\\/ilcoworking.es\\\/aulas-masterclasses-madrid\\\/\",\"name\":\"Aulas para Masterclasses en Madrid: Espacio y Producci\u00f3n\",\"isPartOf\":{\"@id\":\"https:\\\/\\\/ilcoworking.es\\\/#website\"},\"primaryImageOfPage\":{\"@id\":\"https:\\\/\\\/ilcoworking.es\\\/aulas-masterclasses-madrid\\\/#primaryimage\"},\"image\":{\"@id\":\"https:\\\/\\\/ilcoworking.es\\\/aulas-masterclasses-madrid\\\/#primaryimage\"},\"thumbnailUrl\":\"https:\\\/\\\/ilcoworking.es\\\/wp-content\\\/uploads\\\/2026\\\/05\\\/ILCoworking_24-02-28_13-23-19.jpg\",\"datePublished\":\"2026-08-24T10:03:55+00:00\",\"description\":\"El espacio donde celebras tu masterclass forma parte del producto. Gu\u00eda para elegir el aula correcta en Madrid y maximizar la percepci\u00f3n de valor de los asistentes.\",\"breadcrumb\":{\"@id\":\"https:\\\/\\\/ilcoworking.es\\\/aulas-masterclasses-madrid\\\/#breadcrumb\"},\"inLanguage\":\"en-GB\",\"potentialAction\":[{\"@type\":\"ReadAction\",\"target\":[\"https:\\\/\\\/ilcoworking.es\\\/aulas-masterclasses-madrid\\\/\"]}]},{\"@type\":\"ImageObject\",\"inLanguage\":\"en-GB\",\"@id\":\"https:\\\/\\\/ilcoworking.es\\\/aulas-masterclasses-madrid\\\/#primaryimage\",\"url\":\"https:\\\/\\\/ilcoworking.es\\\/wp-content\\\/uploads\\\/2026\\\/05\\\/ILCoworking_24-02-28_13-23-19.jpg\",\"contentUrl\":\"https:\\\/\\\/ilcoworking.es\\\/wp-content\\\/uploads\\\/2026\\\/05\\\/ILCoworking_24-02-28_13-23-19.jpg\",\"width\":2560,\"height\":1707,\"caption\":\"Sala profesional para eventos corporativos en Madrid\"},{\"@type\":\"BreadcrumbList\",\"@id\":\"https:\\\/\\\/ilcoworking.es\\\/aulas-masterclasses-madrid\\\/#breadcrumb\",\"itemListElement\":[{\"@type\":\"ListItem\",\"position\":1,\"name\":\"Portada\",\"item\":\"https:\\\/\\\/ilcoworking.es\\\/\"},{\"@type\":\"ListItem\",\"position\":2,\"name\":\"Aula para masterclass en Madrid: espacio, producci\u00f3n y experiencia del asistente\"}]},{\"@type\":\"WebSite\",\"@id\":\"https:\\\/\\\/ilcoworking.es\\\/#website\",\"url\":\"https:\\\/\\\/ilcoworking.es\\\/\",\"name\":\"ILCOWORKING &amp; SERVICIOS LEGALES\",\"description\":\"Cowork &amp; Servicios Legales\",\"publisher\":{\"@id\":\"https:\\\/\\\/ilcoworking.es\\\/#organization\"},\"potentialAction\":[{\"@type\":\"SearchAction\",\"target\":{\"@type\":\"EntryPoint\",\"urlTemplate\":\"https:\\\/\\\/ilcoworking.es\\\/?s={search_term_string}\"},\"query-input\":{\"@type\":\"PropertyValueSpecification\",\"valueRequired\":true,\"valueName\":\"search_term_string\"}}],\"inLanguage\":\"en-GB\"},{\"@type\":\"Organization\",\"@id\":\"https:\\\/\\\/ilcoworking.es\\\/#organization\",\"name\":\"ILCOWORKING &amp; SERVICIOS LEGALES\",\"url\":\"https:\\\/\\\/ilcoworking.es\\\/\",\"logo\":{\"@type\":\"ImageObject\",\"inLanguage\":\"en-GB\",\"@id\":\"https:\\\/\\\/ilcoworking.es\\\/#\\\/schema\\\/logo\\\/image\\\/\",\"url\":\"\",\"contentUrl\":\"\",\"caption\":\"ILCOWORKING &amp; SERVICIOS LEGALES\"},\"image\":{\"@id\":\"https:\\\/\\\/ilcoworking.es\\\/#\\\/schema\\\/logo\\\/image\\\/\"}},{\"@type\":\"Person\",\"@id\":\"https:\\\/\\\/ilcoworking.es\\\/#\\\/schema\\\/person\\\/56c0544af161f287857c558f41b5585e\",\"name\":\"il coworking\",\"url\":\"https:\\\/\\\/ilcoworking.es\\\/en\\\/author\\\/mrclickbarcelonagmail-com\\\/\"}]}<\/script>\n<!-- \/ Yoast SEO plugin. -->","yoast_head_json":{"title":"Aulas para Masterclasses en Madrid: Espacio y Producci\u00f3n","description":"El espacio donde celebras tu masterclass forma parte del producto. Gu\u00eda para elegir el aula correcta en Madrid y maximizar la percepci\u00f3n de valor de los asistentes.","robots":{"index":"index","follow":"follow","max-snippet":"max-snippet:-1","max-image-preview":"max-image-preview:large","max-video-preview":"max-video-preview:-1"},"canonical":"https:\/\/ilcoworking.es\/en\/aulas-masterclasses-madrid\/","og_locale":"en_GB","og_type":"article","og_title":"Aulas para Masterclasses en Madrid: Espacio y Producci\u00f3n","og_description":"El espacio donde celebras tu masterclass forma parte del producto. Gu\u00eda para elegir el aula correcta en Madrid y maximizar la percepci\u00f3n de valor de los asistentes.","og_url":"https:\/\/ilcoworking.es\/en\/aulas-masterclasses-madrid\/","og_site_name":"ILCOWORKING &amp; SERVICIOS LEGALES","article_published_time":"2026-08-24T10:03:55+00:00","og_image":[{"width":2560,"height":1707,"url":"https:\/\/ilcoworking.es\/wp-content\/uploads\/2026\/05\/ILCoworking_24-02-28_13-23-19.jpg","type":"image\/jpeg"}],"author":"il coworking","twitter_card":"summary_large_image","twitter_misc":{"Written by":"il coworking","Estimated reading time":"8 minutes"},"schema":{"@context":"https:\/\/schema.org","@graph":[{"@type":"Article","@id":"https:\/\/ilcoworking.es\/aulas-masterclasses-madrid\/#article","isPartOf":{"@id":"https:\/\/ilcoworking.es\/aulas-masterclasses-madrid\/"},"author":{"name":"il coworking","@id":"https:\/\/ilcoworking.es\/#\/schema\/person\/56c0544af161f287857c558f41b5585e"},"headline":"Aula para masterclass en Madrid: espacio, producci\u00f3n y experiencia del asistente","datePublished":"2026-08-24T10:03:55+00:00","mainEntityOfPage":{"@id":"https:\/\/ilcoworking.es\/aulas-masterclasses-madrid\/"},"wordCount":1768,"publisher":{"@id":"https:\/\/ilcoworking.es\/#organization"},"image":{"@id":"https:\/\/ilcoworking.es\/aulas-masterclasses-madrid\/#primaryimage"},"thumbnailUrl":"https:\/\/ilcoworking.es\/wp-content\/uploads\/2026\/05\/ILCoworking_24-02-28_13-23-19.jpg","articleSection":["Aulas Madrid"],"inLanguage":"en-GB"},{"@type":"WebPage","@id":"https:\/\/ilcoworking.es\/aulas-masterclasses-madrid\/","url":"https:\/\/ilcoworking.es\/aulas-masterclasses-madrid\/","name":"Aulas para Masterclasses en Madrid: Espacio y Producci\u00f3n","isPartOf":{"@id":"https:\/\/ilcoworking.es\/#website"},"primaryImageOfPage":{"@id":"https:\/\/ilcoworking.es\/aulas-masterclasses-madrid\/#primaryimage"},"image":{"@id":"https:\/\/ilcoworking.es\/aulas-masterclasses-madrid\/#primaryimage"},"thumbnailUrl":"https:\/\/ilcoworking.es\/wp-content\/uploads\/2026\/05\/ILCoworking_24-02-28_13-23-19.jpg","datePublished":"2026-08-24T10:03:55+00:00","description":"El espacio donde celebras tu masterclass forma parte del producto. Gu\u00eda para elegir el aula correcta en Madrid y maximizar la percepci\u00f3n de valor de los asistentes.","breadcrumb":{"@id":"https:\/\/ilcoworking.es\/aulas-masterclasses-madrid\/#breadcrumb"},"inLanguage":"en-GB","potentialAction":[{"@type":"ReadAction","target":["https:\/\/ilcoworking.es\/aulas-masterclasses-madrid\/"]}]},{"@type":"ImageObject","inLanguage":"en-GB","@id":"https:\/\/ilcoworking.es\/aulas-masterclasses-madrid\/#primaryimage","url":"https:\/\/ilcoworking.es\/wp-content\/uploads\/2026\/05\/ILCoworking_24-02-28_13-23-19.jpg","contentUrl":"https:\/\/ilcoworking.es\/wp-content\/uploads\/2026\/05\/ILCoworking_24-02-28_13-23-19.jpg","width":2560,"height":1707,"caption":"Sala profesional para eventos corporativos en Madrid"},{"@type":"BreadcrumbList","@id":"https:\/\/ilcoworking.es\/aulas-masterclasses-madrid\/#breadcrumb","itemListElement":[{"@type":"ListItem","position":1,"name":"Portada","item":"https:\/\/ilcoworking.es\/"},{"@type":"ListItem","position":2,"name":"Aula para masterclass en Madrid: espacio, producci\u00f3n y experiencia del asistente"}]},{"@type":"WebSite","@id":"https:\/\/ilcoworking.es\/#website","url":"https:\/\/ilcoworking.es\/","name":"ILCOWORKING &amp; LEGAL SERVICES","description":"Cowork &amp; Legal Services","publisher":{"@id":"https:\/\/ilcoworking.es\/#organization"},"potentialAction":[{"@type":"SearchAction","target":{"@type":"EntryPoint","urlTemplate":"https:\/\/ilcoworking.es\/?s={search_term_string}"},"query-input":{"@type":"PropertyValueSpecification","valueRequired":true,"valueName":"search_term_string"}}],"inLanguage":"en-GB"},{"@type":"Organization","@id":"https:\/\/ilcoworking.es\/#organization","name":"ILCOWORKING &amp; LEGAL SERVICES","url":"https:\/\/ilcoworking.es\/","logo":{"@type":"ImageObject","inLanguage":"en-GB","@id":"https:\/\/ilcoworking.es\/#\/schema\/logo\/image\/","url":"","contentUrl":"","caption":"ILCOWORKING &amp; SERVICIOS LEGALES"},"image":{"@id":"https:\/\/ilcoworking.es\/#\/schema\/logo\/image\/"}},{"@type":"Person","@id":"https:\/\/ilcoworking.es\/#\/schema\/person\/56c0544af161f287857c558f41b5585e","name":"il coworking","url":"https:\/\/ilcoworking.es\/en\/author\/mrclickbarcelonagmail-com\/"}]}},"_links":{"self":[{"href":"https:\/\/ilcoworking.es\/en\/wp-json\/wp\/v2\/posts\/4849","targetHints":{"allow":["GET"]}}],"collection":[{"href":"https:\/\/ilcoworking.es\/en\/wp-json\/wp\/v2\/posts"}],"about":[{"href":"https:\/\/ilcoworking.es\/en\/wp-json\/wp\/v2\/types\/post"}],"author":[{"embeddable":true,"href":"https:\/\/ilcoworking.es\/en\/wp-json\/wp\/v2\/users\/5"}],"replies":[{"embeddable":true,"href":"https:\/\/ilcoworking.es\/en\/wp-json\/wp\/v2\/comments?post=4849"}],"version-history":[{"count":2,"href":"https:\/\/ilcoworking.es\/en\/wp-json\/wp\/v2\/posts\/4849\/revisions"}],"predecessor-version":[{"id":4855,"href":"https:\/\/ilcoworking.es\/en\/wp-json\/wp\/v2\/posts\/4849\/revisions\/4855"}],"wp:featuredmedia":[{"embeddable":true,"href":"https:\/\/ilcoworking.es\/en\/wp-json\/wp\/v2\/media\/4791"}],"wp:attachment":[{"href":"https:\/\/ilcoworking.es\/en\/wp-json\/wp\/v2\/media?parent=4849"}],"wp:term":[{"taxonomy":"category","embeddable":true,"href":"https:\/\/ilcoworking.es\/en\/wp-json\/wp\/v2\/categories?post=4849"},{"taxonomy":"post_tag","embeddable":true,"href":"https:\/\/ilcoworking.es\/en\/wp-json\/wp\/v2\/tags?post=4849"}],"curies":[{"name":"wp","href":"https:\/\/api.w.org\/{rel}","templated":true}]}}