{"id":4862,"date":"2026-09-04T12:59:35","date_gmt":"2026-09-04T12:59:35","guid":{"rendered":"https:\/\/ilcoworking.es\/?p=4862"},"modified":"2026-09-04T13:02:56","modified_gmt":"2026-09-04T13:02:56","slug":"como-montar-taller-madrid-sin-local","status":"publish","type":"post","link":"https:\/\/ilcoworking.es\/en\/como-montar-taller-madrid-sin-local\/","title":{"rendered":"How to set up a workshop in Madrid without premises: a guide for independent trainers"},"content":{"rendered":"<p><span style=\"font-weight: 400;\">Organizar un taller en Madrid sin tener un local propio es perfectamente viable. M\u00e1s a\u00fan, en muchos casos es la decisi\u00f3n m\u00e1s inteligente, especialmente para formadores que est\u00e1n empezando, que trabajan con grupos variables, o que no quieren que el coste del espacio condicione sus decisiones sobre cu\u00e1ndo y c\u00f3mo impartir formaci\u00f3n.<\/span><\/p>\n<p><span style=\"font-weight: 400;\">La pregunta no es si se puede. La pregunta es c\u00f3mo organizarlo bien para que el taller funcione, los asistentes tengan una experiencia apropiada, y los n\u00fameros cuadren.<\/span><\/p>\n<h2><span style=\"font-weight: 400;\">Por qu\u00e9 tener local propio no siempre tiene sentido para un formador<\/span><\/h2>\n<p><span style=\"font-weight: 400;\">El local propio tiene una atracci\u00f3n l\u00f3gica. Disponibilidad total, personalizaci\u00f3n del espacio, sin dependencia de terceros. Pero tiene tambi\u00e9n un coste estructural que muchos formadores subestiman al principio.<\/span><\/p>\n<p>&nbsp;<\/p>\n<p><span style=\"font-weight: 400;\">Un local en Madrid implica renta mensual fija, fianza inicial, gastos de acondicionamiento, suministros, seguro, y en muchos casos inversi\u00f3n en equipamiento. Todo eso hay que pagarlo tanto los meses en que el taller est\u00e1 lleno como los meses en que no hay actividad. Para un formador cuya demanda es irregular o estacional, esa estructura de costes fijos puede convertirse en un lastre que hace inviable el negocio precisamente cuando m\u00e1s lo necesita.<\/span><\/p>\n<p>&nbsp;<\/p>\n<p><span style=\"font-weight: 400;\">El modelo alternativo, alquilar espacio cuando se necesita y solo cuando se necesita, convierte un coste fijo en un coste variable directamente ligado a los ingresos. Si no hay taller, no hay coste de espacio. Si hay taller, el coste del espacio es una parte predecible del coste total del evento que puede incorporarse al precio de la entrada.<\/span><\/p>\n<h2><span style=\"font-weight: 400;\">El primer paso: definir qu\u00e9 tipo de espacio necesita tu taller<\/span><\/h2>\n<p><span style=\"font-weight: 400;\">No todos los talleres necesitan lo mismo, y elegir el espacio correcto empieza por tener claro qu\u00e9 caracter\u00edsticas son imprescindibles para el tuyo espec\u00edfico.<\/span><\/p>\n<p>&nbsp;<\/p>\n<p><span style=\"font-weight: 400;\">El aforo es el primer criterio. \u00bfCu\u00e1ntas personas esperas tener en cada sesi\u00f3n? No el m\u00e1ximo te\u00f3rico, sino el n\u00famero realista con el que vas a trabajar habitualmente. Un taller de doce personas necesita un espacio muy diferente a uno de treinta. Y pagar por capacidad que no vas a usar es un coste evitable.<\/span><\/p>\n<p>&nbsp;<\/p>\n<p><span style=\"font-weight: 400;\">La configuraci\u00f3n necesaria determina el tipo de espacio. Un taller de escritura creativa necesita mesas amplias donde trabajar individualmente. Un taller de comunicaci\u00f3n no verbal necesita espacio para moverse. Un taller t\u00e9cnico de dise\u00f1o o programaci\u00f3n necesita que cada participante tenga su puesto con conexi\u00f3n. Identificar la configuraci\u00f3n que necesitas antes de buscar espacio evita reservar algo que no va a funcionar el d\u00eda del evento.<\/span><\/p>\n<p>&nbsp;<\/p>\n<p><span style=\"font-weight: 400;\">El equipamiento requerido es otro filtro. Proyector o pantalla para mostrar contenido, sistema de audio si hay componente audiovisual, pizarra para trabajo colaborativo visible, o equipamiento espec\u00edfico para el tipo de taller. Los <\/span><a href=\"https:\/\/ilcoworking.es\/en\/aulas-blancas-equipadas-madrid\/\"><span style=\"font-weight: 400;\">espacios de formaci\u00f3n equipados<\/span><\/a><span style=\"font-weight: 400;\"> incluyen estos elementos, pero conviene verificar exactamente qu\u00e9 est\u00e1 disponible y qu\u00e9 hay que llevar.<\/span><\/p>\n<p>&nbsp;<\/p>\n<p><span style=\"font-weight: 400;\">La accesibilidad para los asistentes influye directamente en la tasa de asistencia real. Un espacio dif\u00edcil de encontrar o mal comunicado genera llegadas tard\u00edas y transmite una imagen de desorganizaci\u00f3n que no tiene nada que ver con la calidad del contenido del taller. Una <\/span><a href=\"https:\/\/ilcoworking.es\/en\/coworking-chamberi-madrid-2026\/\"><span style=\"font-weight: 400;\">ubicaci\u00f3n central en Madrid bien conectada<\/span><\/a><span style=\"font-weight: 400;\"> reduce estas fricciones.<\/span><\/p>\n<h2><span style=\"font-weight: 400;\">C\u00f3mo calcular el precio del taller incluyendo el coste del espacio<\/span><\/h2>\n<p><span style=\"font-weight: 400;\">Uno de los errores m\u00e1s frecuentes al organizar talleres sin local propio es no incorporar correctamente el coste del espacio al precio de la entrada. Esto lleva a situaciones donde el taller est\u00e1 lleno, los asistentes est\u00e1n satisfechos, y los n\u00fameros no cuadran.<\/span><\/p>\n<p>&nbsp;<\/p>\n<p><span style=\"font-weight: 400;\">El c\u00e1lculo es sencillo si se hace bien. El coste total del espacio (alquiler de horas m\u00e1s cualquier servicio adicional) se divide entre el n\u00famero m\u00ednimo de asistentes que hace rentable el taller. El resultado es el coste de espacio por asistente, que se a\u00f1ade al resto de costes para calcular el precio m\u00ednimo viable.<\/span><\/p>\n<p>&nbsp;<\/p>\n<p><span style=\"font-weight: 400;\">Por ejemplo, si el alquiler del aula cuesta 80 euros para una sesi\u00f3n de cuatro horas y el taller tiene un m\u00ednimo de diez asistentes, el coste de espacio por asistente es de 8 euros. Sobre ese n\u00famero se a\u00f1aden los dem\u00e1s costes (preparaci\u00f3n, materiales, gesti\u00f3n) y el margen deseado para llegar al precio de entrada.<\/span><\/p>\n<p>&nbsp;<\/p>\n<p><span style=\"font-weight: 400;\">Este c\u00e1lculo tiene una implicaci\u00f3n importante: el precio de un taller en un espacio de calidad no tiene que ser significativamente m\u00e1s alto que el de uno en un espacio mediocre, si el n\u00famero de asistentes es suficiente. Y el espacio de calidad permite cobrar un precio m\u00e1s alto porque refuerza la percepci\u00f3n de valor.<\/span><\/p>\n<h2><span style=\"font-weight: 400;\">El proceso de organizaci\u00f3n paso a paso<\/span><\/h2>\n<p><span style=\"font-weight: 400;\">Organizar un taller sin local propio tiene una secuencia l\u00f3gica que, si se respeta, evita los problemas m\u00e1s habituales.<\/span><\/p>\n<p>&nbsp;<\/p>\n<p><span style=\"font-weight: 400;\">El primer paso es definir el contenido y el formato del taller con suficiente claridad como para saber qu\u00e9 espacio se necesita. No al rev\u00e9s. Muchos formadores empiezan buscando espacio antes de tener claro qu\u00e9 van a hacer en \u00e9l, y eso lleva a adaptar el taller al espacio en lugar de elegir el espacio para el taller.<\/span><\/p>\n<p>&nbsp;<\/p>\n<p><span style=\"font-weight: 400;\">El segundo paso es estimar el aforo realista. No el m\u00e1ximo que cabe en el espacio, sino el n\u00famero de asistentes con el que el taller tiene sentido como experiencia y como negocio. Para talleres participativos, grupos de entre 10 y 20 personas suelen funcionar mejor que grupos m\u00e1s grandes. Para talleres m\u00e1s expositivos, el n\u00famero puede crecer sin comprometer la calidad.<\/span><\/p>\n<p>&nbsp;<\/p>\n<p><span style=\"font-weight: 400;\">El tercer paso es identificar dos o tres espacios que cumplan los requisitos y comparar no solo precio sino tambi\u00e9n ubicaci\u00f3n, equipamiento incluido, flexibilidad de reserva, y condiciones de cancelaci\u00f3n. <\/span><a href=\"https:\/\/ilcoworking.es\/en\/alquiler-aulas-madrid\/\"><span style=\"font-weight: 400;\">Alquilar un aula en Madrid<\/span><\/a><span style=\"font-weight: 400;\"> por horas permite ajustar exactamente la duraci\u00f3n necesaria incluyendo el tiempo de preparaci\u00f3n y recogida.<\/span><\/p>\n<p>&nbsp;<\/p>\n<p><span style=\"font-weight: 400;\">El cuarto paso es abrir inscripciones antes de confirmar la reserva del espacio, o al menos de forma simult\u00e1nea. Confirmar el espacio antes de saber si hay demanda suficiente bloquea dinero en una reserva que puede no tener sentido si el taller no llena. Abrir inscripciones con una fecha provisional y confirmar el espacio cuando se alcanza un m\u00ednimo de inscritos es una pr\u00e1ctica habitual entre formadores con experiencia.<\/span><\/p>\n<p>&nbsp;<\/p>\n<p><span style=\"font-weight: 400;\">El quinto paso es la comunicaci\u00f3n con los inscritos con antelaci\u00f3n suficiente. Instrucciones claras de c\u00f3mo llegar, qu\u00e9 traer, y qu\u00e9 esperar del taller reduce la incertidumbre de los asistentes y el n\u00famero de preguntas de \u00faltima hora que consumen tiempo del organizador.<\/span><\/p>\n<h2><span style=\"font-weight: 400;\">Lo que los asistentes esperan aunque no lo digan<\/span><\/h2>\n<p><span style=\"font-weight: 400;\">Los asistentes de un taller rara vez hacen comentarios expl\u00edcitos sobre el espacio si este funciona bien. Simplemente disfrutan del taller. Pero si el espacio falla, s\u00ed lo mencionan, tanto en conversaciones posteriores como en rese\u00f1as o recomendaciones.<\/span><\/p>\n<p>&nbsp;<\/p>\n<p><span style=\"font-weight: 400;\">Lo que esperan, aunque no lo articulen, es coherencia entre el precio que han pagado y la experiencia que reciben. Si el taller tiene un precio premium, el espacio debe estar a esa altura. Si el precio es accesible, el espacio debe ser al menos adecuado y funcional.<\/span><\/p>\n<p>&nbsp;<\/p>\n<p><span style=\"font-weight: 400;\">La temperatura correcta en la sala parece un detalle menor hasta que se convierte en el tema de conversaci\u00f3n del descanso porque hace demasiado calor o demasiado fr\u00edo. El sistema de proyecci\u00f3n que falla al inicio genera una tensi\u00f3n que tarda varios minutos en disiparse. Y el ruido de fondo constante que filtra de otros espacios del edificio erosiona la concentraci\u00f3n de forma acumulativa a lo largo de las horas.<\/span><\/p>\n<p>&nbsp;<\/p>\n<p><span style=\"font-weight: 400;\">Anticipar estos factores al elegir el espacio es parte del trabajo de organizaci\u00f3n que los asistentes no ven pero que perciben en la calidad de su experiencia.<\/span><\/p>\n<h2><span style=\"font-weight: 400;\">Herramientas para gestionar las inscripciones y los pagos<\/span><\/h2>\n<p><span style=\"font-weight: 400;\">Organizar un taller sin local propio tambi\u00e9n implica gestionar inscripciones y cobros sin la infraestructura de una academia o centro de formaci\u00f3n establecido. Hay herramientas accesibles que simplifican esta parte.<\/span><\/p>\n<p>&nbsp;<\/p>\n<p><span style=\"font-weight: 400;\">Las plataformas de venta de entradas como Eventbrite permiten crear el evento, gestionar las inscripciones, y cobrar el precio de la entrada con comisi\u00f3n por transacci\u00f3n, sin coste fijo. Para talleres ocasionales con pocos asistentes, este modelo es m\u00e1s eficiente que montar una pasarela de pago propia.<\/span><\/p>\n<p>&nbsp;<\/p>\n<p><span style=\"font-weight: 400;\">Para formadores con volumen regular de talleres, plataformas m\u00e1s completas de gesti\u00f3n de formaci\u00f3n permiten centralizar inscripciones, env\u00edo de comunicaciones, gesti\u00f3n de materiales, y cobros en un solo lugar. La inversi\u00f3n en estas herramientas se recupera en tiempo de gesti\u00f3n ahorrado.<\/span><\/p>\n<p>&nbsp;<\/p>\n<p><span style=\"font-weight: 400;\">El cobro anticipado de la entrada es una pr\u00e1ctica recomendable para reservar el espacio con m\u00e1s seguridad. Un inscrito que ha pagado tiene muchas menos probabilidades de no aparecer el d\u00eda del taller que uno que solo ha confirmado asistencia. Esto tambi\u00e9n permite calcular mejor el aforo real con antelaci\u00f3n.<\/span><\/p>\n<h2><span style=\"font-weight: 400;\">Escalar el modelo: de taller puntual a programa formativo<\/span><\/h2>\n<p><span style=\"font-weight: 400;\">El modelo de alquiler de espacio por horas no es solo para talleres puntuales. Es tambi\u00e9n la estructura sobre la que muchos formadores construyen programas formativos regulares que con el tiempo se convierten en su actividad principal.<\/span><\/p>\n<p>&nbsp;<\/p>\n<p><span style=\"font-weight: 400;\">Un taller mensual que funciona se puede convertir en un taller quincenal. Un programa de tres sesiones se puede ampliar a cinco o seis. Y en ese proceso, el volumen de uso del espacio crece hasta el punto en que puede tener sentido explorar modelos con mayor compromiso pero mejor precio por hora, como bonos de horas o acuerdos de uso recurrente con el espacio.<\/span><\/p>\n<p>&nbsp;<\/p>\n<p><span style=\"font-weight: 400;\">The <\/span><a href=\"https:\/\/ilcoworking.es\/en\/salas-polivalentes-chamberi-madrid\/\"><span style=\"font-weight: 400;\">salas polivalentes disponibles en Chamber\u00ed<\/span><\/a><span style=\"font-weight: 400;\"> permiten este tipo de escalado dentro del mismo espacio, manteniendo la continuidad de ubicaci\u00f3n que los asistentes habituales valoran.<\/span><\/p>\n<p>&nbsp;<\/p>\n<p><span style=\"font-weight: 400;\">Para formadores que adem\u00e1s de espacio necesitan apoyo en aspectos legales o fiscales de su actividad como aut\u00f3nomos o como peque\u00f1as empresas de formaci\u00f3n, el <\/span><a href=\"https:\/\/ilcoworking.es\/en\/coworking-y-servicios-legales-en-madrid-la-solucion-todo-en-uno-para-tu-negocio\/\"><span style=\"font-weight: 400;\">ecosistema de servicios integrados<\/span><\/a><span style=\"font-weight: 400;\"> de algunos espacios puede aportar valor m\u00e1s all\u00e1 del metro cuadrado.<\/span><\/p>\n<p>&nbsp;<\/p>\n<p><span style=\"font-weight: 400;\">Para consultar disponibilidad de aulas y condiciones de alquiler para talleres, ILCOWORKING est\u00e1 en Glorieta de Bilbao n\u00ba 1, 3\u00ba derecha, Madrid, accesible por metro Bilbao l\u00edneas 1 y 4. El horario es de 8:00 a 20:30 de lunes a viernes. El contacto es <\/span><a href=\"mailto:info@ilcoworking.es\"><span style=\"font-weight: 400;\">info@ilcoworking.es<\/span><\/a><span style=\"font-weight: 400;\">, 91 117 94 82, or 900 264 918.<\/span><\/p>\n<p>&nbsp;<\/p>","protected":false},"excerpt":{"rendered":"<p>Organizing a workshop in Madrid without your own premises is perfectly feasible. Moreover, in many cases it&#039;s the smartest decision, especially for trainers who are just starting out, who work with varying groups, or who don&#039;t want the cost of space to dictate their decisions about when and how to conduct their workshops.<\/p>","protected":false},"author":5,"featured_media":4865,"comment_status":"closed","ping_status":"closed","sticky":false,"template":"","format":"standard","meta":{"_joinchat":[],"footnotes":""},"categories":[54,53],"tags":[],"class_list":["post-4862","post","type-post","status-publish","format-standard","has-post-thumbnail","hentry","category-aulas-madrid","category-formacion-y-educacion"],"yoast_head":"<!-- This site is optimized with the Yoast SEO plugin v28.4 - https:\/\/yoast.com\/product\/yoast-seo-wordpress\/ -->\n<title>C\u00f3mo montar un taller en Madrid sin tener local: gu\u00eda para formadores independientes - ILCOWORKING &amp; SERVICIOS LEGALES<\/title>\n<meta name=\"description\" content=\"Gu\u00eda para formadores independientes: c\u00f3mo organizar talleres en Madrid alquilando espacio por horas. C\u00e1lculo de precios, proceso paso a paso y herramientas de gesti\u00f3n.\" \/>\n<meta name=\"robots\" content=\"index, follow, max-snippet:-1, max-image-preview:large, max-video-preview:-1\" \/>\n<link rel=\"canonical\" href=\"https:\/\/ilcoworking.es\/en\/como-montar-taller-madrid-sin-local\/\" \/>\n<meta property=\"og:locale\" content=\"en_GB\" \/>\n<meta property=\"og:type\" content=\"article\" \/>\n<meta property=\"og:title\" content=\"C\u00f3mo montar un taller en Madrid sin tener local: gu\u00eda para formadores independientes - ILCOWORKING &amp; SERVICIOS LEGALES\" \/>\n<meta property=\"og:description\" content=\"Gu\u00eda para formadores independientes: c\u00f3mo organizar talleres en Madrid alquilando espacio por horas. C\u00e1lculo de precios, proceso paso a paso y herramientas de gesti\u00f3n.\" \/>\n<meta property=\"og:url\" content=\"https:\/\/ilcoworking.es\/en\/como-montar-taller-madrid-sin-local\/\" \/>\n<meta property=\"og:site_name\" content=\"ILCOWORKING &amp; SERVICIOS LEGALES\" \/>\n<meta property=\"article:published_time\" content=\"2026-09-04T12:59:35+00:00\" \/>\n<meta property=\"article:modified_time\" content=\"2026-09-04T13:02:56+00:00\" \/>\n<meta property=\"og:image\" content=\"https:\/\/ilcoworking.es\/wp-content\/uploads\/2026\/09\/como-montar-taller-madrid-sin-local.jpg\" \/>\n\t<meta property=\"og:image:width\" content=\"2449\" \/>\n\t<meta property=\"og:image:height\" content=\"1633\" \/>\n\t<meta property=\"og:image:type\" content=\"image\/jpeg\" \/>\n<meta name=\"author\" content=\"il coworking\" \/>\n<meta name=\"twitter:card\" content=\"summary_large_image\" \/>\n<meta name=\"twitter:label1\" content=\"Written by\" \/>\n\t<meta name=\"twitter:data1\" content=\"il coworking\" \/>\n\t<meta name=\"twitter:label2\" content=\"Estimated reading time\" \/>\n\t<meta name=\"twitter:data2\" content=\"8 minutes\" \/>\n<script type=\"application\/ld+json\" class=\"yoast-schema-graph\">{\"@context\":\"https:\\\/\\\/schema.org\",\"@graph\":[{\"@type\":\"Article\",\"@id\":\"https:\\\/\\\/ilcoworking.es\\\/como-montar-taller-madrid-sin-local\\\/#article\",\"isPartOf\":{\"@id\":\"https:\\\/\\\/ilcoworking.es\\\/como-montar-taller-madrid-sin-local\\\/\"},\"author\":{\"name\":\"il coworking\",\"@id\":\"https:\\\/\\\/ilcoworking.es\\\/#\\\/schema\\\/person\\\/56c0544af161f287857c558f41b5585e\"},\"headline\":\"C\u00f3mo montar un taller en Madrid sin tener local: gu\u00eda para formadores independientes\",\"datePublished\":\"2026-09-04T12:59:35+00:00\",\"dateModified\":\"2026-09-04T13:02:56+00:00\",\"mainEntityOfPage\":{\"@id\":\"https:\\\/\\\/ilcoworking.es\\\/como-montar-taller-madrid-sin-local\\\/\"},\"wordCount\":1779,\"publisher\":{\"@id\":\"https:\\\/\\\/ilcoworking.es\\\/#organization\"},\"image\":{\"@id\":\"https:\\\/\\\/ilcoworking.es\\\/como-montar-taller-madrid-sin-local\\\/#primaryimage\"},\"thumbnailUrl\":\"https:\\\/\\\/ilcoworking.es\\\/wp-content\\\/uploads\\\/2026\\\/09\\\/como-montar-taller-madrid-sin-local.jpg\",\"articleSection\":[\"Aulas Madrid\",\"Formaci\u00f3n y Educaci\u00f3n\"],\"inLanguage\":\"en-GB\"},{\"@type\":\"WebPage\",\"@id\":\"https:\\\/\\\/ilcoworking.es\\\/como-montar-taller-madrid-sin-local\\\/\",\"url\":\"https:\\\/\\\/ilcoworking.es\\\/como-montar-taller-madrid-sin-local\\\/\",\"name\":\"C\u00f3mo montar un taller en Madrid sin tener local: gu\u00eda para formadores independientes - ILCOWORKING &amp; SERVICIOS LEGALES\",\"isPartOf\":{\"@id\":\"https:\\\/\\\/ilcoworking.es\\\/#website\"},\"primaryImageOfPage\":{\"@id\":\"https:\\\/\\\/ilcoworking.es\\\/como-montar-taller-madrid-sin-local\\\/#primaryimage\"},\"image\":{\"@id\":\"https:\\\/\\\/ilcoworking.es\\\/como-montar-taller-madrid-sin-local\\\/#primaryimage\"},\"thumbnailUrl\":\"https:\\\/\\\/ilcoworking.es\\\/wp-content\\\/uploads\\\/2026\\\/09\\\/como-montar-taller-madrid-sin-local.jpg\",\"datePublished\":\"2026-09-04T12:59:35+00:00\",\"dateModified\":\"2026-09-04T13:02:56+00:00\",\"description\":\"Gu\u00eda para formadores independientes: c\u00f3mo organizar talleres en Madrid alquilando espacio por horas. C\u00e1lculo de precios, proceso paso a paso y herramientas de gesti\u00f3n.\",\"breadcrumb\":{\"@id\":\"https:\\\/\\\/ilcoworking.es\\\/como-montar-taller-madrid-sin-local\\\/#breadcrumb\"},\"inLanguage\":\"en-GB\",\"potentialAction\":[{\"@type\":\"ReadAction\",\"target\":[\"https:\\\/\\\/ilcoworking.es\\\/como-montar-taller-madrid-sin-local\\\/\"]}]},{\"@type\":\"ImageObject\",\"inLanguage\":\"en-GB\",\"@id\":\"https:\\\/\\\/ilcoworking.es\\\/como-montar-taller-madrid-sin-local\\\/#primaryimage\",\"url\":\"https:\\\/\\\/ilcoworking.es\\\/wp-content\\\/uploads\\\/2026\\\/09\\\/como-montar-taller-madrid-sin-local.jpg\",\"contentUrl\":\"https:\\\/\\\/ilcoworking.es\\\/wp-content\\\/uploads\\\/2026\\\/09\\\/como-montar-taller-madrid-sin-local.jpg\",\"width\":2449,\"height\":1633,\"caption\":\"Formador independiente impartiendo taller en aula alquilada por horas en Madrid\"},{\"@type\":\"BreadcrumbList\",\"@id\":\"https:\\\/\\\/ilcoworking.es\\\/como-montar-taller-madrid-sin-local\\\/#breadcrumb\",\"itemListElement\":[{\"@type\":\"ListItem\",\"position\":1,\"name\":\"Portada\",\"item\":\"https:\\\/\\\/ilcoworking.es\\\/\"},{\"@type\":\"ListItem\",\"position\":2,\"name\":\"C\u00f3mo montar un taller en Madrid sin tener local: gu\u00eda para formadores independientes\"}]},{\"@type\":\"WebSite\",\"@id\":\"https:\\\/\\\/ilcoworking.es\\\/#website\",\"url\":\"https:\\\/\\\/ilcoworking.es\\\/\",\"name\":\"ILCOWORKING &amp; SERVICIOS LEGALES\",\"description\":\"Cowork &amp; Servicios Legales\",\"publisher\":{\"@id\":\"https:\\\/\\\/ilcoworking.es\\\/#organization\"},\"potentialAction\":[{\"@type\":\"SearchAction\",\"target\":{\"@type\":\"EntryPoint\",\"urlTemplate\":\"https:\\\/\\\/ilcoworking.es\\\/?s={search_term_string}\"},\"query-input\":{\"@type\":\"PropertyValueSpecification\",\"valueRequired\":true,\"valueName\":\"search_term_string\"}}],\"inLanguage\":\"en-GB\"},{\"@type\":\"Organization\",\"@id\":\"https:\\\/\\\/ilcoworking.es\\\/#organization\",\"name\":\"ILCOWORKING &amp; SERVICIOS LEGALES\",\"url\":\"https:\\\/\\\/ilcoworking.es\\\/\",\"logo\":{\"@type\":\"ImageObject\",\"inLanguage\":\"en-GB\",\"@id\":\"https:\\\/\\\/ilcoworking.es\\\/#\\\/schema\\\/logo\\\/image\\\/\",\"url\":\"\",\"contentUrl\":\"\",\"caption\":\"ILCOWORKING &amp; SERVICIOS LEGALES\"},\"image\":{\"@id\":\"https:\\\/\\\/ilcoworking.es\\\/#\\\/schema\\\/logo\\\/image\\\/\"}},{\"@type\":\"Person\",\"@id\":\"https:\\\/\\\/ilcoworking.es\\\/#\\\/schema\\\/person\\\/56c0544af161f287857c558f41b5585e\",\"name\":\"il coworking\",\"url\":\"https:\\\/\\\/ilcoworking.es\\\/en\\\/author\\\/mrclickbarcelonagmail-com\\\/\"}]}<\/script>\n<!-- \/ Yoast SEO plugin. -->","yoast_head_json":{"title":"C\u00f3mo montar un taller en Madrid sin tener local: gu\u00eda para formadores independientes - ILCOWORKING &amp; SERVICIOS LEGALES","description":"Gu\u00eda para formadores independientes: c\u00f3mo organizar talleres en Madrid alquilando espacio por horas. C\u00e1lculo de precios, proceso paso a paso y herramientas de gesti\u00f3n.","robots":{"index":"index","follow":"follow","max-snippet":"max-snippet:-1","max-image-preview":"max-image-preview:large","max-video-preview":"max-video-preview:-1"},"canonical":"https:\/\/ilcoworking.es\/en\/como-montar-taller-madrid-sin-local\/","og_locale":"en_GB","og_type":"article","og_title":"C\u00f3mo montar un taller en Madrid sin tener local: gu\u00eda para formadores independientes - ILCOWORKING &amp; SERVICIOS LEGALES","og_description":"Gu\u00eda para formadores independientes: c\u00f3mo organizar talleres en Madrid alquilando espacio por horas. C\u00e1lculo de precios, proceso paso a paso y herramientas de gesti\u00f3n.","og_url":"https:\/\/ilcoworking.es\/en\/como-montar-taller-madrid-sin-local\/","og_site_name":"ILCOWORKING &amp; SERVICIOS LEGALES","article_published_time":"2026-09-04T12:59:35+00:00","article_modified_time":"2026-09-04T13:02:56+00:00","og_image":[{"width":2449,"height":1633,"url":"https:\/\/ilcoworking.es\/wp-content\/uploads\/2026\/09\/como-montar-taller-madrid-sin-local.jpg","type":"image\/jpeg"}],"author":"il coworking","twitter_card":"summary_large_image","twitter_misc":{"Written by":"il coworking","Estimated reading time":"8 minutes"},"schema":{"@context":"https:\/\/schema.org","@graph":[{"@type":"Article","@id":"https:\/\/ilcoworking.es\/como-montar-taller-madrid-sin-local\/#article","isPartOf":{"@id":"https:\/\/ilcoworking.es\/como-montar-taller-madrid-sin-local\/"},"author":{"name":"il coworking","@id":"https:\/\/ilcoworking.es\/#\/schema\/person\/56c0544af161f287857c558f41b5585e"},"headline":"C\u00f3mo montar un taller en Madrid sin tener local: gu\u00eda para formadores independientes","datePublished":"2026-09-04T12:59:35+00:00","dateModified":"2026-09-04T13:02:56+00:00","mainEntityOfPage":{"@id":"https:\/\/ilcoworking.es\/como-montar-taller-madrid-sin-local\/"},"wordCount":1779,"publisher":{"@id":"https:\/\/ilcoworking.es\/#organization"},"image":{"@id":"https:\/\/ilcoworking.es\/como-montar-taller-madrid-sin-local\/#primaryimage"},"thumbnailUrl":"https:\/\/ilcoworking.es\/wp-content\/uploads\/2026\/09\/como-montar-taller-madrid-sin-local.jpg","articleSection":["Aulas Madrid","Formaci\u00f3n y Educaci\u00f3n"],"inLanguage":"en-GB"},{"@type":"WebPage","@id":"https:\/\/ilcoworking.es\/como-montar-taller-madrid-sin-local\/","url":"https:\/\/ilcoworking.es\/como-montar-taller-madrid-sin-local\/","name":"C\u00f3mo montar un taller en Madrid sin tener local: gu\u00eda para formadores independientes - ILCOWORKING &amp; SERVICIOS LEGALES","isPartOf":{"@id":"https:\/\/ilcoworking.es\/#website"},"primaryImageOfPage":{"@id":"https:\/\/ilcoworking.es\/como-montar-taller-madrid-sin-local\/#primaryimage"},"image":{"@id":"https:\/\/ilcoworking.es\/como-montar-taller-madrid-sin-local\/#primaryimage"},"thumbnailUrl":"https:\/\/ilcoworking.es\/wp-content\/uploads\/2026\/09\/como-montar-taller-madrid-sin-local.jpg","datePublished":"2026-09-04T12:59:35+00:00","dateModified":"2026-09-04T13:02:56+00:00","description":"Gu\u00eda para formadores independientes: c\u00f3mo organizar talleres en Madrid alquilando espacio por horas. C\u00e1lculo de precios, proceso paso a paso y herramientas de gesti\u00f3n.","breadcrumb":{"@id":"https:\/\/ilcoworking.es\/como-montar-taller-madrid-sin-local\/#breadcrumb"},"inLanguage":"en-GB","potentialAction":[{"@type":"ReadAction","target":["https:\/\/ilcoworking.es\/como-montar-taller-madrid-sin-local\/"]}]},{"@type":"ImageObject","inLanguage":"en-GB","@id":"https:\/\/ilcoworking.es\/como-montar-taller-madrid-sin-local\/#primaryimage","url":"https:\/\/ilcoworking.es\/wp-content\/uploads\/2026\/09\/como-montar-taller-madrid-sin-local.jpg","contentUrl":"https:\/\/ilcoworking.es\/wp-content\/uploads\/2026\/09\/como-montar-taller-madrid-sin-local.jpg","width":2449,"height":1633,"caption":"Formador independiente impartiendo taller en aula alquilada por horas en Madrid"},{"@type":"BreadcrumbList","@id":"https:\/\/ilcoworking.es\/como-montar-taller-madrid-sin-local\/#breadcrumb","itemListElement":[{"@type":"ListItem","position":1,"name":"Portada","item":"https:\/\/ilcoworking.es\/"},{"@type":"ListItem","position":2,"name":"C\u00f3mo montar un taller en Madrid sin tener local: gu\u00eda para formadores independientes"}]},{"@type":"WebSite","@id":"https:\/\/ilcoworking.es\/#website","url":"https:\/\/ilcoworking.es\/","name":"ILCOWORKING &amp; LEGAL SERVICES","description":"Cowork &amp; Legal Services","publisher":{"@id":"https:\/\/ilcoworking.es\/#organization"},"potentialAction":[{"@type":"SearchAction","target":{"@type":"EntryPoint","urlTemplate":"https:\/\/ilcoworking.es\/?s={search_term_string}"},"query-input":{"@type":"PropertyValueSpecification","valueRequired":true,"valueName":"search_term_string"}}],"inLanguage":"en-GB"},{"@type":"Organization","@id":"https:\/\/ilcoworking.es\/#organization","name":"ILCOWORKING &amp; LEGAL SERVICES","url":"https:\/\/ilcoworking.es\/","logo":{"@type":"ImageObject","inLanguage":"en-GB","@id":"https:\/\/ilcoworking.es\/#\/schema\/logo\/image\/","url":"","contentUrl":"","caption":"ILCOWORKING &amp; SERVICIOS LEGALES"},"image":{"@id":"https:\/\/ilcoworking.es\/#\/schema\/logo\/image\/"}},{"@type":"Person","@id":"https:\/\/ilcoworking.es\/#\/schema\/person\/56c0544af161f287857c558f41b5585e","name":"il coworking","url":"https:\/\/ilcoworking.es\/en\/author\/mrclickbarcelonagmail-com\/"}]}},"_links":{"self":[{"href":"https:\/\/ilcoworking.es\/en\/wp-json\/wp\/v2\/posts\/4862","targetHints":{"allow":["GET"]}}],"collection":[{"href":"https:\/\/ilcoworking.es\/en\/wp-json\/wp\/v2\/posts"}],"about":[{"href":"https:\/\/ilcoworking.es\/en\/wp-json\/wp\/v2\/types\/post"}],"author":[{"embeddable":true,"href":"https:\/\/ilcoworking.es\/en\/wp-json\/wp\/v2\/users\/5"}],"replies":[{"embeddable":true,"href":"https:\/\/ilcoworking.es\/en\/wp-json\/wp\/v2\/comments?post=4862"}],"version-history":[{"count":1,"href":"https:\/\/ilcoworking.es\/en\/wp-json\/wp\/v2\/posts\/4862\/revisions"}],"predecessor-version":[{"id":4864,"href":"https:\/\/ilcoworking.es\/en\/wp-json\/wp\/v2\/posts\/4862\/revisions\/4864"}],"wp:featuredmedia":[{"embeddable":true,"href":"https:\/\/ilcoworking.es\/en\/wp-json\/wp\/v2\/media\/4865"}],"wp:attachment":[{"href":"https:\/\/ilcoworking.es\/en\/wp-json\/wp\/v2\/media?parent=4862"}],"wp:term":[{"taxonomy":"category","embeddable":true,"href":"https:\/\/ilcoworking.es\/en\/wp-json\/wp\/v2\/categories?post=4862"},{"taxonomy":"post_tag","embeddable":true,"href":"https:\/\/ilcoworking.es\/en\/wp-json\/wp\/v2\/tags?post=4862"}],"curies":[{"name":"wp","href":"https:\/\/api.w.org\/{rel}","templated":true}]}}